{"id":4335,"date":"2023-03-14T09:51:45","date_gmt":"2023-03-14T07:51:45","guid":{"rendered":"https:\/\/www.ieszaidinvergeles.org\/blog\/?p=4335"},"modified":"2023-03-14T09:52:37","modified_gmt":"2023-03-14T07:52:37","slug":"erasmus-educacion-escolar-el-zaidin-vergeles-es-anfitrion-de-una-estudiante-del-lycee-jean-baptiste-le-taillandier-fougeres-francia-para-una-estancia-de-25-dias","status":"publish","type":"post","link":"https:\/\/www.ieszaidinvergeles.org\/blog\/?p=4335","title":{"rendered":"ERASMUS + EDUCACI\u00d3N ESCOLAR: <strong>El Zaid\u00edn Vergeles es anfitri\u00f3n de una\u00a0estudiante del Lyc\u00e9e Jean-Baptiste Le Taillandier\u00a0\u2013 Fougeres (Francia) para una\u00a0estancia de 25 d\u00edas.<\/strong>"},"content":{"rendered":"<!DOCTYPE html PUBLIC \"-\/\/W3C\/\/DTD HTML 4.0 Transitional\/\/EN\" \"http:\/\/www.w3.org\/TR\/REC-html40\/loose.dtd\">\n<html><body><figure class=\"wp-block-image size-full\"><a href=\"https:\/\/www.ieszaidinvergeles.org\/blog\/wp-content\/uploads\/2022\/11\/Erasmus.jpg\"><img decoding=\"async\" src=\"https:\/\/www.ieszaidinvergeles.org\/blog\/wp-content\/uploads\/2022\/11\/Erasmus.jpg\" alt=\"\" class=\"img-responsive\" width=\"100%\" height=\"100%\"><\/a><\/figure>\n\n\n\n<p>En el marco de la Acreditaci&oacute;n&nbsp;Erasmus + Educaci&oacute;n Escolar (2021-1-ES01-KA120-SCH-000042670) proyecto n&ordm;&nbsp;&nbsp;2022-1-ES01-KA121-SCH-000056925), nuestro centro est&aacute; siendo anfitri&oacute;n de una estudiante del&nbsp;<strong>Lyc&eacute;e Jean-Baptiste Le Taillandier&nbsp;&ndash; Fougeres (Francia)&nbsp;<\/strong>que viaja financiada&nbsp;por el proyecto&nbsp;<a rel=\"noreferrer noopener\" href=\"https:\/\/monprojet.erasmusplus.fr\/espace-utilisateur\/projet\/2022-1-FR01-KA121-SCH-000052764\" target=\"_blank\">2022-1-FR01-KA122-SCH-000074221<\/a><\/p>\n\n\n\n<p>Del d&iacute;a 6 al 31 de marzo de 2.023 esta alumna convivir&aacute; con una familia de nuestro centro y adem&aacute;s de asistir a clases en el<strong> IES Zaid&iacute;n-Vergeles<\/strong> participar&aacute; en algunas de las actividades extraescolares que se organizar&aacute;n a lo largo de las semanas que permanecer&aacute; en nuestro centro.<\/p>\n\n\n\n<figure class=\"wp-block-image size-large\"><a href=\"https:\/\/www.ieszaidinvergeles.org\/blog\/wp-content\/uploads\/2023\/03\/IMG_5603.jpg\"><img decoding=\"async\" src=\"https:\/\/www.ieszaidinvergeles.org\/blog\/wp-content\/uploads\/2023\/03\/IMG_5603-1024x768.jpg\" alt=\"\" class=\"img-responsive\" width=\"100%\" height=\"100%\"><\/a><figcaption class=\"wp-element-caption\"><em>Estudiante del&nbsp;Lyc&eacute;e Jean-Baptiste Le Taillandier &nbsp;&ndash; Fougeres (Francia) junto con su anfitriona del Zaid&iacute;n-Vergeles<\/em><\/figcaption><\/figure>\n<\/body><\/html>\n","protected":false},"excerpt":{"rendered":"<p>En el marco de la Acreditaci&oacute;n&nbsp;Erasmus + Educaci&oacute;n Escolar (2021-1-ES01-KA120-SCH-000042670) proyecto n&ordm;&nbsp;&nbsp;2022-1-ES01-KA121-SCH-000056925), nuestro centro est&aacute; siendo anfitri&oacute;n de una estudiante del&nbsp;Lyc&eacute;e Jean-Baptiste Le Taillandier&nbsp;&ndash; Fougeres (Francia)&nbsp;que viaja financiada&nbsp;por el proyecto&nbsp;2022-1-FR01-KA122-SCH-000074221 Del d&iacute;a 6 al 31 de marzo de 2.023 esta [&hellip;]<\/p>\n","protected":false},"author":1,"featured_media":4211,"comment_status":"open","ping_status":"open","sticky":false,"template":"","format":"standard","meta":{"footnotes":""},"categories":[181,111],"tags":[719,593,718],"class_list":["post-4335","post","type-post","status-publish","format-standard","has-post-thumbnail","hentry","category-erasmus","category-izv","tag-fougeres","tag-francia","tag-lycee-jean-baptiste-le-taillandier"],"_links":{"self":[{"href":"https:\/\/www.ieszaidinvergeles.org\/blog\/index.php?rest_route=\/wp\/v2\/posts\/4335","targetHints":{"allow":["GET"]}}],"collection":[{"href":"https:\/\/www.ieszaidinvergeles.org\/blog\/index.php?rest_route=\/wp\/v2\/posts"}],"about":[{"href":"https:\/\/www.ieszaidinvergeles.org\/blog\/index.php?rest_route=\/wp\/v2\/types\/post"}],"author":[{"embeddable":true,"href":"https:\/\/www.ieszaidinvergeles.org\/blog\/index.php?rest_route=\/wp\/v2\/users\/1"}],"replies":[{"embeddable":true,"href":"https:\/\/www.ieszaidinvergeles.org\/blog\/index.php?rest_route=%2Fwp%2Fv2%2Fcomments&post=4335"}],"version-history":[{"count":2,"href":"https:\/\/www.ieszaidinvergeles.org\/blog\/index.php?rest_route=\/wp\/v2\/posts\/4335\/revisions"}],"predecessor-version":[{"id":4339,"href":"https:\/\/www.ieszaidinvergeles.org\/blog\/index.php?rest_route=\/wp\/v2\/posts\/4335\/revisions\/4339"}],"wp:featuredmedia":[{"embeddable":true,"href":"https:\/\/www.ieszaidinvergeles.org\/blog\/index.php?rest_route=\/wp\/v2\/media\/4211"}],"wp:attachment":[{"href":"https:\/\/www.ieszaidinvergeles.org\/blog\/index.php?rest_route=%2Fwp%2Fv2%2Fmedia&parent=4335"}],"wp:term":[{"taxonomy":"category","embeddable":true,"href":"https:\/\/www.ieszaidinvergeles.org\/blog\/index.php?rest_route=%2Fwp%2Fv2%2Fcategories&post=4335"},{"taxonomy":"post_tag","embeddable":true,"href":"https:\/\/www.ieszaidinvergeles.org\/blog\/index.php?rest_route=%2Fwp%2Fv2%2Ftags&post=4335"}],"curies":[{"name":"wp","href":"https:\/\/api.w.org\/{rel}","templated":true}]}}