{"id":4312,"date":"2023-03-03T15:32:12","date_gmt":"2023-03-03T13:32:12","guid":{"rendered":"https:\/\/www.ieszaidinvergeles.org\/blog\/?p=4312"},"modified":"2023-08-28T11:48:53","modified_gmt":"2023-08-28T09:48:53","slug":"pruebas-para-la-obtencion-de-titulos-de-formacion-profesional-pruebas-libres","status":"publish","type":"post","link":"https:\/\/www.ieszaidinvergeles.org\/blog\/?p=4312","title":{"rendered":"Pruebas para la obtenci\u00f3n de t\u00edtulos de Formaci\u00f3n Profesional (Pruebas Libres)"},"content":{"rendered":"<!DOCTYPE html PUBLIC \"-\/\/W3C\/\/DTD HTML 4.0 Transitional\/\/EN\" \"http:\/\/www.w3.org\/TR\/REC-html40\/loose.dtd\">\n<html><body><p>Abierto el plazo de inscripci&oacute;n en las Pruebas para la obtenci&oacute;n de t&iacute;tulos de Formaci&oacute;n Profesional (Pruebas Libres)<\/p>\n\n\n\n<p>Plazo: <strong>del 3 al 16 de marzo<\/strong><\/p>\n\n\n\n<p>Lugar de presentaci&oacute;n:&nbsp;<a href=\"https:\/\/www.juntadeandalucia.es\/educacion\/secretariavirtual\/accesoTramite\/262\/\" target=\"_blank\" rel=\"noreferrer noopener\">Secretar&iacute;a Virtual<\/a>&nbsp;(conforme a lo establecido en el art. Quinto.4 de la Orden de 21 de febrero de 2023, por la que se convocan las pruebas)<\/p>\n\n\n\n<p>Mas informaci&oacute;n en el&nbsp;<a href=\"https:\/\/www.juntadeandalucia.es\/educacion\/portals\/web\/formacion-profesional-andaluza\/quiero-formarme\/pruebas-y-procedimientos\/pruebas-obtencion-titulos\" target=\"_blank\" rel=\"noreferrer noopener\">Portal FP<\/a>.<\/p>\n<\/body><\/html>\n","protected":false},"excerpt":{"rendered":"<p>Abierto el plazo de inscripci&oacute;n en las Pruebas para la obtenci&oacute;n de t&iacute;tulos de Formaci&oacute;n Profesional (Pruebas Libres) Plazo: del 3 al 16 de marzo Lugar de presentaci&oacute;n:&nbsp;Secretar&iacute;a Virtual&nbsp;(conforme a lo establecido en el art. Quinto.4 de la Orden de [&hellip;]<\/p>\n","protected":false},"author":1,"featured_media":4628,"comment_status":"open","ping_status":"open","sticky":false,"template":"","format":"standard","meta":{"footnotes":""},"categories":[86],"tags":[],"class_list":["post-4312","post","type-post","status-publish","format-standard","has-post-thumbnail","hentry","category-secretaria-administracion"],"_links":{"self":[{"href":"https:\/\/www.ieszaidinvergeles.org\/blog\/index.php?rest_route=\/wp\/v2\/posts\/4312","targetHints":{"allow":["GET"]}}],"collection":[{"href":"https:\/\/www.ieszaidinvergeles.org\/blog\/index.php?rest_route=\/wp\/v2\/posts"}],"about":[{"href":"https:\/\/www.ieszaidinvergeles.org\/blog\/index.php?rest_route=\/wp\/v2\/types\/post"}],"author":[{"embeddable":true,"href":"https:\/\/www.ieszaidinvergeles.org\/blog\/index.php?rest_route=\/wp\/v2\/users\/1"}],"replies":[{"embeddable":true,"href":"https:\/\/www.ieszaidinvergeles.org\/blog\/index.php?rest_route=%2Fwp%2Fv2%2Fcomments&post=4312"}],"version-history":[{"count":1,"href":"https:\/\/www.ieszaidinvergeles.org\/blog\/index.php?rest_route=\/wp\/v2\/posts\/4312\/revisions"}],"predecessor-version":[{"id":4313,"href":"https:\/\/www.ieszaidinvergeles.org\/blog\/index.php?rest_route=\/wp\/v2\/posts\/4312\/revisions\/4313"}],"wp:featuredmedia":[{"embeddable":true,"href":"https:\/\/www.ieszaidinvergeles.org\/blog\/index.php?rest_route=\/wp\/v2\/media\/4628"}],"wp:attachment":[{"href":"https:\/\/www.ieszaidinvergeles.org\/blog\/index.php?rest_route=%2Fwp%2Fv2%2Fmedia&parent=4312"}],"wp:term":[{"taxonomy":"category","embeddable":true,"href":"https:\/\/www.ieszaidinvergeles.org\/blog\/index.php?rest_route=%2Fwp%2Fv2%2Fcategories&post=4312"},{"taxonomy":"post_tag","embeddable":true,"href":"https:\/\/www.ieszaidinvergeles.org\/blog\/index.php?rest_route=%2Fwp%2Fv2%2Ftags&post=4312"}],"curies":[{"name":"wp","href":"https:\/\/api.w.org\/{rel}","templated":true}]}}