{"id":3643,"date":"2022-02-22T20:28:48","date_gmt":"2022-02-22T18:28:48","guid":{"rendered":"https:\/\/www.ieszaidinvergeles.org\/blog\/?p=3643"},"modified":"2022-02-22T20:28:48","modified_gmt":"2022-02-22T18:28:48","slug":"nuestra-alumna-beatriz-alonso-mendez-de-la-promocion-2019-2021-del-ciclo-de-grado-superior-de-comercio-internacional-del-ies-zaidin-vergeles-triunfa-en-los-premios-esland-en-la-categoria-de-mejor-ca","status":"publish","type":"post","link":"https:\/\/www.ieszaidinvergeles.org\/blog\/?p=3643","title":{"rendered":"NUESTRA ALUMNA BEATRIZ ALONSO M\u00c9NDEZ DE LA PROMOCI\u00d3N 2019\/2021 DEL CICLO DE GRADO SUPERIOR DE COMERCIO INTERNACIONAL DEL IES ZAID\u00cdN VERGELES, TRIUNFA EN LOS PREMIOS ESLAND (en la categor\u00eda de Mejor Caster del a\u00f1o)\ufffc"},"content":{"rendered":"<!DOCTYPE html PUBLIC \"-\/\/W3C\/\/DTD HTML 4.0 Transitional\/\/EN\" \"http:\/\/www.w3.org\/TR\/REC-html40\/loose.dtd\">\n<html><body><p><strong>El pasado 17 de enero tuvo lugar en Barcelona la ceremonia de entrega de los premios ESLAND; que buscan el reconocimiento &uacute;nico para creadores y comunidades que buscan su lugar en el mundo del entretenimiento en directo.<\/strong><\/p>\n\n\n\n<p><strong>Dichos premios celebran la calidad, creatividad y talento de los mejores creadores y creadoras de contenido de habla hispana. El lema de esta edici&oacute;n era &ldquo;Tierra de Creadores&rdquo; y evocaba a un lugar com&uacute;n para todos aquellos y aquellas que comparten sus ideas y vivencias en directo d&iacute;a tr&aacute;s d&iacute;a.<\/strong><\/p>\n\n\n\n<p><strong>Esta iniciativa privada ha sido promovida por el c&eacute;lebre streamer TheGrefg que cuenta con m&aacute;s de 17 millones de seguidores en Youtube y 8 millones en Twitch; que tambi&eacute;n ha sido el encargado de presentar esta entrega de premios.<\/strong><\/p>\n\n\n\n<p><strong>El proceso de selecci&oacute;n para su nominaci&oacute;n fue fruto de un largo estudio de an&aacute;lisis de m&eacute;tricas (Twitch Metrics y TvPop) y archivos audiovisuales a cargo de un comit&eacute; de profesionales del mundo de la comunicaci&oacute;n y el marketing digital. Y las posteriores votaciones para elegir al ganador\/a de cada categor&iacute;a fueron: 50% votaci&oacute;n p&uacute;blico general y 50% jurado experto. En estos Premio tambi&eacute;n fue ganador ,entre otros, en la categor&iacute;a de &ldquo;Mejor Streamer&rdquo;, Ibai Llanos.<\/strong><\/p>\n\n\n\n<figure class=\"wp-block-image size-large\"><a href=\"https:\/\/www.ieszaidinvergeles.org\/blog\/wp-content\/uploads\/2022\/02\/FOTO-DEDICATORIA-ALUMNA-RESOLUCIO%CC%81N.jpeg\"><img decoding=\"async\" src=\"https:\/\/www.ieszaidinvergeles.org\/blog\/wp-content\/uploads\/2022\/02\/FOTO-DEDICATORIA-ALUMNA-RESOLUCIO%CC%81N-819x1024.jpeg\" alt=\"\" class=\"img-responsive\" width=\"100%\" height=\"100%\"><\/a><\/figure>\n<\/body><\/html>\n","protected":false},"excerpt":{"rendered":"<p>El pasado 17 de enero tuvo lugar en Barcelona la ceremonia de entrega de los premios ESLAND; que buscan el reconocimiento &uacute;nico para creadores y comunidades que buscan su lugar en el mundo del entretenimiento en directo. Dichos premios celebran [&hellip;]<\/p>\n","protected":false},"author":1,"featured_media":3645,"comment_status":"open","ping_status":"open","sticky":false,"template":"","format":"standard","meta":{"footnotes":""},"categories":[101],"tags":[573,575,576,574,577],"class_list":["post-3643","post","type-post","status-publish","format-standard","has-post-thumbnail","hentry","category-departamento-de-comercio-y-marketing","tag-barcelona","tag-ibai-llanos","tag-streamer","tag-thegrefg","tag-tierra-de-creadores"],"_links":{"self":[{"href":"https:\/\/www.ieszaidinvergeles.org\/blog\/index.php?rest_route=\/wp\/v2\/posts\/3643","targetHints":{"allow":["GET"]}}],"collection":[{"href":"https:\/\/www.ieszaidinvergeles.org\/blog\/index.php?rest_route=\/wp\/v2\/posts"}],"about":[{"href":"https:\/\/www.ieszaidinvergeles.org\/blog\/index.php?rest_route=\/wp\/v2\/types\/post"}],"author":[{"embeddable":true,"href":"https:\/\/www.ieszaidinvergeles.org\/blog\/index.php?rest_route=\/wp\/v2\/users\/1"}],"replies":[{"embeddable":true,"href":"https:\/\/www.ieszaidinvergeles.org\/blog\/index.php?rest_route=%2Fwp%2Fv2%2Fcomments&post=3643"}],"version-history":[{"count":1,"href":"https:\/\/www.ieszaidinvergeles.org\/blog\/index.php?rest_route=\/wp\/v2\/posts\/3643\/revisions"}],"predecessor-version":[{"id":3646,"href":"https:\/\/www.ieszaidinvergeles.org\/blog\/index.php?rest_route=\/wp\/v2\/posts\/3643\/revisions\/3646"}],"wp:featuredmedia":[{"embeddable":true,"href":"https:\/\/www.ieszaidinvergeles.org\/blog\/index.php?rest_route=\/wp\/v2\/media\/3645"}],"wp:attachment":[{"href":"https:\/\/www.ieszaidinvergeles.org\/blog\/index.php?rest_route=%2Fwp%2Fv2%2Fmedia&parent=3643"}],"wp:term":[{"taxonomy":"category","embeddable":true,"href":"https:\/\/www.ieszaidinvergeles.org\/blog\/index.php?rest_route=%2Fwp%2Fv2%2Fcategories&post=3643"},{"taxonomy":"post_tag","embeddable":true,"href":"https:\/\/www.ieszaidinvergeles.org\/blog\/index.php?rest_route=%2Fwp%2Fv2%2Ftags&post=3643"}],"curies":[{"name":"wp","href":"https:\/\/api.w.org\/{rel}","templated":true}]}}