{"id":3027,"date":"2020-06-24T18:12:41","date_gmt":"2020-06-24T16:12:41","guid":{"rendered":"https:\/\/www.ieszaidinvergeles.org\/blog\/?p=3027"},"modified":"2020-06-24T18:18:37","modified_gmt":"2020-06-24T16:18:37","slug":"videotutorial-para-solicitar-la-clave-iande-necesaria-para-poder-realizar-tramites-como-admision-y-matriculacion-para-el-curso-que-viene","status":"publish","type":"post","link":"https:\/\/www.ieszaidinvergeles.org\/blog\/?p=3027","title":{"rendered":"Videotutorial para solicitar la Clave iANDe necesaria para poder realizar tr\u00e1mites como admisi\u00f3n y matriculaci\u00f3n para el curso que viene."},"content":{"rendered":"<!DOCTYPE html PUBLIC \"-\/\/W3C\/\/DTD HTML 4.0 Transitional\/\/EN\" \"http:\/\/www.w3.org\/TR\/REC-html40\/loose.dtd\">\n<html><body><p>Os dejamos con un videotutorial que os puede ayudar a la hora de solicitar la clave iANDe que vais a necesitar para poder solicitar plaza y en su caso matricularos en nuestros Ciclos desde la p&aacute;gina de la Secretar&iacute;a Virtual.`<\/p>\n\n\n\n<figure class=\"wp-block-embed-youtube wp-block-embed is-type-video is-provider-youtube wp-embed-aspect-16-9 wp-has-aspect-ratio\"><div class=\"wp-block-embed__wrapper\">\n<iframe title=\"Solicitud Clave IANDE\" width=\"500\" src=\"https:\/\/www.youtube.com\/embed\/BG9pVAlp2lk?feature=oembed\" frameborder=\"0\" allow=\"accelerometer; autoplay; clipboard-write; encrypted-media; gyroscope; picture-in-picture; web-share\" referrerpolicy=\"strict-origin-when-cross-origin\" allowfullscreen class=\"video-responsive\"><\/iframe>\n<\/div><\/figure>\n\n\n\n<p>Tambi&eacute;n os puede servir de ayuda este videotutorial realizado por personal del IES Ben al-Jatib.<\/p>\n\n\n\n<figure class=\"wp-block-embed-youtube wp-block-embed is-type-video is-provider-youtube wp-embed-aspect-16-9 wp-has-aspect-ratio\"><div class=\"wp-block-embed__wrapper\">\n<iframe title=\"&iquest;C&oacute;mo rellenar solicitudes de grado medio y superior?\" width=\"500\" src=\"https:\/\/www.youtube.com\/embed\/PINOSKuvBgQ?feature=oembed\" frameborder=\"0\" allow=\"accelerometer; autoplay; clipboard-write; encrypted-media; gyroscope; picture-in-picture; web-share\" referrerpolicy=\"strict-origin-when-cross-origin\" allowfullscreen class=\"video-responsive\"><\/iframe>\n<\/div><\/figure>\n\n\n\n<p><\/p>\n\n\n\n<p><\/p>\n<\/body><\/html>\n","protected":false},"excerpt":{"rendered":"<p>Os dejamos con un videotutorial que os puede ayudar a la hora de solicitar la clave iANDe que vais a necesitar para poder solicitar plaza y en su caso matricularos en nuestros Ciclos desde la p&aacute;gina de la Secretar&iacute;a Virtual.` [&hellip;]<\/p>\n","protected":false},"author":1,"featured_media":3030,"comment_status":"open","ping_status":"open","sticky":false,"template":"","format":"standard","meta":{"footnotes":""},"categories":[111],"tags":[458,457,456,288],"class_list":["post-3027","post","type-post","status-publish","format-standard","has-post-thumbnail","hentry","category-izv","tag-admision","tag-clave","tag-iande","tag-matriculacion"],"_links":{"self":[{"href":"https:\/\/www.ieszaidinvergeles.org\/blog\/index.php?rest_route=\/wp\/v2\/posts\/3027","targetHints":{"allow":["GET"]}}],"collection":[{"href":"https:\/\/www.ieszaidinvergeles.org\/blog\/index.php?rest_route=\/wp\/v2\/posts"}],"about":[{"href":"https:\/\/www.ieszaidinvergeles.org\/blog\/index.php?rest_route=\/wp\/v2\/types\/post"}],"author":[{"embeddable":true,"href":"https:\/\/www.ieszaidinvergeles.org\/blog\/index.php?rest_route=\/wp\/v2\/users\/1"}],"replies":[{"embeddable":true,"href":"https:\/\/www.ieszaidinvergeles.org\/blog\/index.php?rest_route=%2Fwp%2Fv2%2Fcomments&post=3027"}],"version-history":[{"count":3,"href":"https:\/\/www.ieszaidinvergeles.org\/blog\/index.php?rest_route=\/wp\/v2\/posts\/3027\/revisions"}],"predecessor-version":[{"id":3031,"href":"https:\/\/www.ieszaidinvergeles.org\/blog\/index.php?rest_route=\/wp\/v2\/posts\/3027\/revisions\/3031"}],"wp:featuredmedia":[{"embeddable":true,"href":"https:\/\/www.ieszaidinvergeles.org\/blog\/index.php?rest_route=\/wp\/v2\/media\/3030"}],"wp:attachment":[{"href":"https:\/\/www.ieszaidinvergeles.org\/blog\/index.php?rest_route=%2Fwp%2Fv2%2Fmedia&parent=3027"}],"wp:term":[{"taxonomy":"category","embeddable":true,"href":"https:\/\/www.ieszaidinvergeles.org\/blog\/index.php?rest_route=%2Fwp%2Fv2%2Fcategories&post=3027"},{"taxonomy":"post_tag","embeddable":true,"href":"https:\/\/www.ieszaidinvergeles.org\/blog\/index.php?rest_route=%2Fwp%2Fv2%2Ftags&post=3027"}],"curies":[{"name":"wp","href":"https:\/\/api.w.org\/{rel}","templated":true}]}}